{"id":3314111,"date":"2020-02-09T18:44:00","date_gmt":"2020-02-09T17:44:00","guid":{"rendered":"https:\/\/hamburghanin.de\/?p=3314111"},"modified":"2021-05-03T11:46:46","modified_gmt":"2021-05-03T09:46:46","slug":"abkuendigung-09-02-2020","status":"publish","type":"post","link":"https:\/\/hamburghanin.de\/?p=3314111&lang=de","title":{"rendered":"Abk\u00fcndigung 09.02.2020"},"content":{"rendered":"\n<div style=\"height:20px\" aria-hidden=\"true\" class=\"wp-block-spacer\"><\/div>\n\n\n<h1>Abk\u00fcndigung 09.02.2020<\/h1>\n<ol>\n<li>Familiengottesdienst Bewegung: Gott lobende Familien, la\u00dft uns aufrichten am Wort Gottes. Das Material f\u00fcr die Familiengottesdienste ist da. Bitte eines pro Familie mitnehmen.\n<\/li>\n<li>Bitte bis zum 23. Februar melden f\u00fcr Tauf- und Konfirmationsanmeldung. <br>&nbsp;-. Kinder von 0-3 Jahren. (Taufe)<br>&nbsp;-. Konfirmation ab 14 Jahre. (Konfirmation am 11. Oktober)<br>&nbsp;-. Taufgespr\u00e4ch am 1. Und 29. M\u00e4rz um 10.30 Uhr.<br>&nbsp;-. Pr\u00fcfung am 5. April um 10 Uhr.\n<\/li>\n<li>Einkehrtage der koreanischen Frauengruppen in Deutschland vom 12. \u2013 15. Mai.\n<ul>\n<li>Ansprechperson: Kim, Ae-Ja.<\/li>\n<li>Anmeldung bis zum 14. Februar.<\/li>\n<li>&nbsp;130 \u20ac (3-4 Bett Zimmer), 170 \u20ac (2 Bett Zimmer), 200 \u20ac (1 Bett Zimmer).<\/li>\n<li>Ort: Willy-Schenk-Str. 9, 73527 Schw\u00e4bisch Gm\u00fcnd\n<\/li>\n<\/ul>\n<\/li>\n<li>Eine-Welt-Preis-Fest: am 21. Februar um 19 Uhr in der Christianskirche in Ottensen. Unsere Kirche steuert koreanisches Essen bei.\n<\/li>\n<li>Seniorentreffen: am 22. Februar um 10.30 Uhr. Die Isaak Gruppe hilft.\n<\/li>\n<li>Weltgebetstag am 6. M\u00e4rz um 11 Uhr.\n<ul>\n<li>Thema: &#8222;Steh auf, nimm dein Bett und geh hin!&#8220; (Johannes 5, 2-9)<\/li>\n<li>Land der Anbetung: Zimbabwe<\/li>\n<li>Mehr info :<br>https:\/\/worlddayofprayer.net\/zimbabwe-2020.html &nbsp; &nbsp;&nbsp; https:\/\/weltgebetstag.de\/\n<\/li>\n<\/ul>\n<\/li>\n<li>J\u00fcngerschaftskurs Termine:\n<ul>\n<li>9. Februar um 13 Uhr<\/li>\n<li>&nbsp;15. Februar um 16 Uhr<\/li>\n<li>23. Februar um 13 Uhr<\/li>\n<li>1. M\u00e4rz um 13 Uhr<\/li>\n<li>15. M\u00e4rz um 13 Uhr<\/li>\n<li>22. M\u00e4rz um 13 Uhr<\/li>\n<li>29. M\u00e4rz um 13 Uhr<\/li>\n<li>4. April um 14 Uhr<\/li>\n<li>5. April um 13 Uhr<\/li>\n<li>18. April um 11 Uhr\n<\/li>\n<\/ul>\n<\/li>\n<li>Krankenhaus: Ahn Hye-Ja (Augenoperation) Parkklinik Manhagen, Sieker Landstr. 19, 22927 Gro\u00dfhansdorf. Zi. 005<\/li>\n<\/ol>\n<h4>&#x25aa; Termine f\u00fcr Veranstaltungen und Treffen<\/h4>\n<ul>\n<li>12.02. (Mittwoch) Treffen der Ehrenamtlichen um 13 Uhr<\/li>\n<li>16.02. (Sonntag) Treffen der Rebekka Frauengruppe nach dem Gottesdienst<\/li>\n<li>20.02. (Donnerstag) Pfingstfest Vorbereitungskreis um 18.30 Uhr im afrikanischen Zentrum Borgfelde<\/li>\n<\/ul>","protected":false},"excerpt":{"rendered":"<p>Abk\u00fcndigung 09.02.2020 Familiengottesdienst Bewegung: Gott lobende Familien, la\u00dft uns aufrichten am Wort Gottes. Das Material f\u00fcr die Familiengottesdienste ist da. Bitte eines pro Familie mitnehmen. Bitte bis zum 23. Februar melden f\u00fcr Tauf- und Konfirmationsanmeldung. &nbsp;-. Kinder von 0-3 Jahren. (Taufe)&nbsp;-. Konfirmation ab 14 Jahre. (Konfirmation am 11. Oktober)&nbsp;-. Taufgespr\u00e4ch am 1. Und 29. M\u00e4rz [&hellip;]<\/p>\n","protected":false},"author":26,"featured_media":3313478,"comment_status":"closed","ping_status":"closed","sticky":false,"template":"","format":"standard","meta":{"footnotes":""},"categories":[184],"tags":[],"class_list":["post-3314111","post","type-post","status-publish","format-standard","has-post-thumbnail","hentry","category-news_de"],"yoast_head":"<!-- This site is optimized with the Yoast SEO plugin v26.9 - https:\/\/yoast.com\/product\/yoast-seo-wordpress\/ -->\n<title>Abk\u00fcndigung 09.02.2020 - \ud568\ubd80\ub974\ud06c \ud55c\uc778\uad50\ud68c<\/title>\n<meta name=\"robots\" content=\"index, follow, max-snippet:-1, max-image-preview:large, max-video-preview:-1\" \/>\n<link rel=\"canonical\" href=\"https:\/\/hamburghanin.de\/?p=3314111&lang=de\" \/>\n<meta property=\"og:locale\" content=\"de_DE\" \/>\n<meta property=\"og:type\" content=\"article\" \/>\n<meta property=\"og:title\" content=\"Abk\u00fcndigung 09.02.2020 - \ud568\ubd80\ub974\ud06c \ud55c\uc778\uad50\ud68c\" \/>\n<meta property=\"og:description\" content=\"Abk\u00fcndigung 09.02.2020 Familiengottesdienst Bewegung: Gott lobende Familien, la\u00dft uns aufrichten am Wort Gottes. Das Material f\u00fcr die Familiengottesdienste ist da. Bitte eines pro Familie mitnehmen. Bitte bis zum 23. Februar melden f\u00fcr Tauf- und Konfirmationsanmeldung. &nbsp;-. Kinder von 0-3 Jahren. (Taufe)&nbsp;-. Konfirmation ab 14 Jahre. (Konfirmation am 11. Oktober)&nbsp;-. Taufgespr\u00e4ch am 1. Und 29. M\u00e4rz [&hellip;]\" \/>\n<meta property=\"og:url\" content=\"https:\/\/hamburghanin.de\/?p=3314111&amp;lang=de\" \/>\n<meta property=\"og:site_name\" content=\"\ud568\ubd80\ub974\ud06c \ud55c\uc778\uad50\ud68c\" \/>\n<meta property=\"article:published_time\" content=\"2020-02-09T17:44:00+00:00\" \/>\n<meta property=\"article:modified_time\" content=\"2021-05-03T09:46:46+00:00\" \/>\n<meta property=\"og:image\" content=\"https:\/\/hamburghanin.de\/wordpress\/wp-content\/uploads\/2021\/03\/News_3_100x100.png\" \/>\n\t<meta property=\"og:image:width\" content=\"100\" \/>\n\t<meta property=\"og:image:height\" content=\"100\" \/>\n\t<meta property=\"og:image:type\" content=\"image\/png\" \/>\n<meta name=\"author\" content=\"\ubbf8\ub514\uc5b4\uc120\uad50\ubd80\" \/>\n<meta name=\"twitter:card\" content=\"summary_large_image\" \/>\n<meta name=\"twitter:label1\" content=\"Verfasst von\" \/>\n\t<meta name=\"twitter:data1\" content=\"\ubbf8\ub514\uc5b4\uc120\uad50\ubd80\" \/>\n\t<meta name=\"twitter:label2\" content=\"Gesch\u00e4tzte Lesezeit\" \/>\n\t<meta name=\"twitter:data2\" content=\"1\u00a0Minute\" \/>\n<script type=\"application\/ld+json\" class=\"yoast-schema-graph\">{\"@context\":\"https:\/\/schema.org\",\"@graph\":[{\"@type\":\"Article\",\"@id\":\"https:\/\/hamburghanin.de\/?p=3314111&lang=de#article\",\"isPartOf\":{\"@id\":\"https:\/\/hamburghanin.de\/?p=3314111&lang=de\"},\"author\":{\"name\":\"\ubbf8\ub514\uc5b4\uc120\uad50\ubd80\",\"@id\":\"https:\/\/hamburghanin.de\/#\/schema\/person\/da3abd901b82ba20b5b5c77f26cb54f7\"},\"headline\":\"Abk\u00fcndigung 09.02.2020\",\"datePublished\":\"2020-02-09T17:44:00+00:00\",\"dateModified\":\"2021-05-03T09:46:46+00:00\",\"mainEntityOfPage\":{\"@id\":\"https:\/\/hamburghanin.de\/?p=3314111&lang=de\"},\"wordCount\":240,\"image\":{\"@id\":\"https:\/\/hamburghanin.de\/?p=3314111&lang=de#primaryimage\"},\"thumbnailUrl\":\"https:\/\/hamburghanin.de\/wp-content\/uploads\/2021\/03\/News_3_100x100.png\",\"articleSection\":[\"News_DE\"],\"inLanguage\":\"de\"},{\"@type\":\"WebPage\",\"@id\":\"https:\/\/hamburghanin.de\/?p=3314111&lang=de\",\"url\":\"https:\/\/hamburghanin.de\/?p=3314111&lang=de\",\"name\":\"Abk\u00fcndigung 09.02.2020 - \ud568\ubd80\ub974\ud06c \ud55c\uc778\uad50\ud68c\",\"isPartOf\":{\"@id\":\"https:\/\/hamburghanin.de\/#website\"},\"primaryImageOfPage\":{\"@id\":\"https:\/\/hamburghanin.de\/?p=3314111&lang=de#primaryimage\"},\"image\":{\"@id\":\"https:\/\/hamburghanin.de\/?p=3314111&lang=de#primaryimage\"},\"thumbnailUrl\":\"https:\/\/hamburghanin.de\/wp-content\/uploads\/2021\/03\/News_3_100x100.png\",\"datePublished\":\"2020-02-09T17:44:00+00:00\",\"dateModified\":\"2021-05-03T09:46:46+00:00\",\"author\":{\"@id\":\"https:\/\/hamburghanin.de\/#\/schema\/person\/da3abd901b82ba20b5b5c77f26cb54f7\"},\"breadcrumb\":{\"@id\":\"https:\/\/hamburghanin.de\/?p=3314111&lang=de#breadcrumb\"},\"inLanguage\":\"de\",\"potentialAction\":[{\"@type\":\"ReadAction\",\"target\":[\"https:\/\/hamburghanin.de\/?p=3314111&lang=de\"]}]},{\"@type\":\"ImageObject\",\"inLanguage\":\"de\",\"@id\":\"https:\/\/hamburghanin.de\/?p=3314111&lang=de#primaryimage\",\"url\":\"https:\/\/hamburghanin.de\/wp-content\/uploads\/2021\/03\/News_3_100x100.png\",\"contentUrl\":\"https:\/\/hamburghanin.de\/wp-content\/uploads\/2021\/03\/News_3_100x100.png\",\"width\":100,\"height\":100},{\"@type\":\"BreadcrumbList\",\"@id\":\"https:\/\/hamburghanin.de\/?p=3314111&lang=de#breadcrumb\",\"itemListElement\":[{\"@type\":\"ListItem\",\"position\":1,\"name\":\"Home\",\"item\":\"https:\/\/hamburghanin.de\/\"},{\"@type\":\"ListItem\",\"position\":2,\"name\":\"Abk\u00fcndigung 09.02.2020\"}]},{\"@type\":\"WebSite\",\"@id\":\"https:\/\/hamburghanin.de\/#website\",\"url\":\"https:\/\/hamburghanin.de\/\",\"name\":\"\ud568\ubd80\ub974\ud06c \ud55c\uc778\uad50\ud68c\",\"description\":\"Koreanische Evangelische Gemeinde e.V.\",\"potentialAction\":[{\"@type\":\"SearchAction\",\"target\":{\"@type\":\"EntryPoint\",\"urlTemplate\":\"https:\/\/hamburghanin.de\/?s={search_term_string}\"},\"query-input\":{\"@type\":\"PropertyValueSpecification\",\"valueRequired\":true,\"valueName\":\"search_term_string\"}}],\"inLanguage\":\"de\"},{\"@type\":\"Person\",\"@id\":\"https:\/\/hamburghanin.de\/#\/schema\/person\/da3abd901b82ba20b5b5c77f26cb54f7\",\"name\":\"\ubbf8\ub514\uc5b4\uc120\uad50\ubd80\",\"image\":{\"@type\":\"ImageObject\",\"inLanguage\":\"de\",\"@id\":\"https:\/\/hamburghanin.de\/#\/schema\/person\/image\/\",\"url\":\"https:\/\/secure.gravatar.com\/avatar\/cbe8fd131921a2bbccf976d2b222e3ef62d35ed87c3bb8d7bd100fb486810bc3?s=96&d=mm&r=g\",\"contentUrl\":\"https:\/\/secure.gravatar.com\/avatar\/cbe8fd131921a2bbccf976d2b222e3ef62d35ed87c3bb8d7bd100fb486810bc3?s=96&d=mm&r=g\",\"caption\":\"\ubbf8\ub514\uc5b4\uc120\uad50\ubd80\"},\"url\":\"https:\/\/hamburghanin.de\/?author=26\"}]}<\/script>\n<!-- \/ Yoast SEO plugin. -->","yoast_head_json":{"title":"Abk\u00fcndigung 09.02.2020 - \ud568\ubd80\ub974\ud06c \ud55c\uc778\uad50\ud68c","robots":{"index":"index","follow":"follow","max-snippet":"max-snippet:-1","max-image-preview":"max-image-preview:large","max-video-preview":"max-video-preview:-1"},"canonical":"https:\/\/hamburghanin.de\/?p=3314111&lang=de","og_locale":"de_DE","og_type":"article","og_title":"Abk\u00fcndigung 09.02.2020 - \ud568\ubd80\ub974\ud06c \ud55c\uc778\uad50\ud68c","og_description":"Abk\u00fcndigung 09.02.2020 Familiengottesdienst Bewegung: Gott lobende Familien, la\u00dft uns aufrichten am Wort Gottes. Das Material f\u00fcr die Familiengottesdienste ist da. Bitte eines pro Familie mitnehmen. Bitte bis zum 23. Februar melden f\u00fcr Tauf- und Konfirmationsanmeldung. &nbsp;-. Kinder von 0-3 Jahren. (Taufe)&nbsp;-. Konfirmation ab 14 Jahre. (Konfirmation am 11. Oktober)&nbsp;-. Taufgespr\u00e4ch am 1. Und 29. M\u00e4rz [&hellip;]","og_url":"https:\/\/hamburghanin.de\/?p=3314111&lang=de","og_site_name":"\ud568\ubd80\ub974\ud06c \ud55c\uc778\uad50\ud68c","article_published_time":"2020-02-09T17:44:00+00:00","article_modified_time":"2021-05-03T09:46:46+00:00","og_image":[{"width":100,"height":100,"url":"https:\/\/hamburghanin.de\/wordpress\/wp-content\/uploads\/2021\/03\/News_3_100x100.png","type":"image\/png"}],"author":"\ubbf8\ub514\uc5b4\uc120\uad50\ubd80","twitter_card":"summary_large_image","twitter_misc":{"Verfasst von":"\ubbf8\ub514\uc5b4\uc120\uad50\ubd80","Gesch\u00e4tzte Lesezeit":"1\u00a0Minute"},"schema":{"@context":"https:\/\/schema.org","@graph":[{"@type":"Article","@id":"https:\/\/hamburghanin.de\/?p=3314111&lang=de#article","isPartOf":{"@id":"https:\/\/hamburghanin.de\/?p=3314111&lang=de"},"author":{"name":"\ubbf8\ub514\uc5b4\uc120\uad50\ubd80","@id":"https:\/\/hamburghanin.de\/#\/schema\/person\/da3abd901b82ba20b5b5c77f26cb54f7"},"headline":"Abk\u00fcndigung 09.02.2020","datePublished":"2020-02-09T17:44:00+00:00","dateModified":"2021-05-03T09:46:46+00:00","mainEntityOfPage":{"@id":"https:\/\/hamburghanin.de\/?p=3314111&lang=de"},"wordCount":240,"image":{"@id":"https:\/\/hamburghanin.de\/?p=3314111&lang=de#primaryimage"},"thumbnailUrl":"https:\/\/hamburghanin.de\/wp-content\/uploads\/2021\/03\/News_3_100x100.png","articleSection":["News_DE"],"inLanguage":"de"},{"@type":"WebPage","@id":"https:\/\/hamburghanin.de\/?p=3314111&lang=de","url":"https:\/\/hamburghanin.de\/?p=3314111&lang=de","name":"Abk\u00fcndigung 09.02.2020 - \ud568\ubd80\ub974\ud06c \ud55c\uc778\uad50\ud68c","isPartOf":{"@id":"https:\/\/hamburghanin.de\/#website"},"primaryImageOfPage":{"@id":"https:\/\/hamburghanin.de\/?p=3314111&lang=de#primaryimage"},"image":{"@id":"https:\/\/hamburghanin.de\/?p=3314111&lang=de#primaryimage"},"thumbnailUrl":"https:\/\/hamburghanin.de\/wp-content\/uploads\/2021\/03\/News_3_100x100.png","datePublished":"2020-02-09T17:44:00+00:00","dateModified":"2021-05-03T09:46:46+00:00","author":{"@id":"https:\/\/hamburghanin.de\/#\/schema\/person\/da3abd901b82ba20b5b5c77f26cb54f7"},"breadcrumb":{"@id":"https:\/\/hamburghanin.de\/?p=3314111&lang=de#breadcrumb"},"inLanguage":"de","potentialAction":[{"@type":"ReadAction","target":["https:\/\/hamburghanin.de\/?p=3314111&lang=de"]}]},{"@type":"ImageObject","inLanguage":"de","@id":"https:\/\/hamburghanin.de\/?p=3314111&lang=de#primaryimage","url":"https:\/\/hamburghanin.de\/wp-content\/uploads\/2021\/03\/News_3_100x100.png","contentUrl":"https:\/\/hamburghanin.de\/wp-content\/uploads\/2021\/03\/News_3_100x100.png","width":100,"height":100},{"@type":"BreadcrumbList","@id":"https:\/\/hamburghanin.de\/?p=3314111&lang=de#breadcrumb","itemListElement":[{"@type":"ListItem","position":1,"name":"Home","item":"https:\/\/hamburghanin.de\/"},{"@type":"ListItem","position":2,"name":"Abk\u00fcndigung 09.02.2020"}]},{"@type":"WebSite","@id":"https:\/\/hamburghanin.de\/#website","url":"https:\/\/hamburghanin.de\/","name":"\ud568\ubd80\ub974\ud06c \ud55c\uc778\uad50\ud68c","description":"Koreanische Evangelische Gemeinde e.V.","potentialAction":[{"@type":"SearchAction","target":{"@type":"EntryPoint","urlTemplate":"https:\/\/hamburghanin.de\/?s={search_term_string}"},"query-input":{"@type":"PropertyValueSpecification","valueRequired":true,"valueName":"search_term_string"}}],"inLanguage":"de"},{"@type":"Person","@id":"https:\/\/hamburghanin.de\/#\/schema\/person\/da3abd901b82ba20b5b5c77f26cb54f7","name":"\ubbf8\ub514\uc5b4\uc120\uad50\ubd80","image":{"@type":"ImageObject","inLanguage":"de","@id":"https:\/\/hamburghanin.de\/#\/schema\/person\/image\/","url":"https:\/\/secure.gravatar.com\/avatar\/cbe8fd131921a2bbccf976d2b222e3ef62d35ed87c3bb8d7bd100fb486810bc3?s=96&d=mm&r=g","contentUrl":"https:\/\/secure.gravatar.com\/avatar\/cbe8fd131921a2bbccf976d2b222e3ef62d35ed87c3bb8d7bd100fb486810bc3?s=96&d=mm&r=g","caption":"\ubbf8\ub514\uc5b4\uc120\uad50\ubd80"},"url":"https:\/\/hamburghanin.de\/?author=26"}]}},"_links":{"self":[{"href":"https:\/\/hamburghanin.de\/index.php?rest_route=\/wp\/v2\/posts\/3314111","targetHints":{"allow":["GET"]}}],"collection":[{"href":"https:\/\/hamburghanin.de\/index.php?rest_route=\/wp\/v2\/posts"}],"about":[{"href":"https:\/\/hamburghanin.de\/index.php?rest_route=\/wp\/v2\/types\/post"}],"author":[{"embeddable":true,"href":"https:\/\/hamburghanin.de\/index.php?rest_route=\/wp\/v2\/users\/26"}],"replies":[{"embeddable":true,"href":"https:\/\/hamburghanin.de\/index.php?rest_route=%2Fwp%2Fv2%2Fcomments&post=3314111"}],"version-history":[{"count":1,"href":"https:\/\/hamburghanin.de\/index.php?rest_route=\/wp\/v2\/posts\/3314111\/revisions"}],"predecessor-version":[{"id":3314112,"href":"https:\/\/hamburghanin.de\/index.php?rest_route=\/wp\/v2\/posts\/3314111\/revisions\/3314112"}],"wp:featuredmedia":[{"embeddable":true,"href":"https:\/\/hamburghanin.de\/index.php?rest_route=\/wp\/v2\/media\/3313478"}],"wp:attachment":[{"href":"https:\/\/hamburghanin.de\/index.php?rest_route=%2Fwp%2Fv2%2Fmedia&parent=3314111"}],"wp:term":[{"taxonomy":"category","embeddable":true,"href":"https:\/\/hamburghanin.de\/index.php?rest_route=%2Fwp%2Fv2%2Fcategories&post=3314111"},{"taxonomy":"post_tag","embeddable":true,"href":"https:\/\/hamburghanin.de\/index.php?rest_route=%2Fwp%2Fv2%2Ftags&post=3314111"}],"curies":[{"name":"wp","href":"https:\/\/api.w.org\/{rel}","templated":true}]}}