{"id":3314109,"date":"2020-02-16T18:17:29","date_gmt":"2020-02-16T17:17:29","guid":{"rendered":"https:\/\/hamburghanin.de\/?p=3314109"},"modified":"2021-05-03T11:46:46","modified_gmt":"2021-05-03T09:46:46","slug":"abkuendigung-16-02-2020","status":"publish","type":"post","link":"https:\/\/hamburghanin.de\/?p=3314109&lang=de","title":{"rendered":"Abk\u00fcndigung 16.02.2020"},"content":{"rendered":"<h1>Abk\u00fcndigung 16.02.2020<\/h1>\n<p>1. Familiengottesdienst Bewegung: Gott lobende Familien, la\u00dft uns aufrichten am Wort Gottes.<\/p>\n<p>2. Bitte bis zum 23. Februar melden f\u00fcr Tauf- und Konfirmationsanmeldung.<\/p>\n<ul>\n<li>Kinder von 0-3 Jahren (Taufe).<\/li>\n<li>Konfirmation ab 14 Jahre (Konfirmation am 11. Oktober).<\/li>\n<li>Taufgespr\u00e4ch am 1. Und 29. M\u00e4rz um 10.30 Uhr.<\/li>\n<li>Pr\u00fcfung am 5. April um 10 Uhr.<\/li>\n<\/ul>\n<p>3. Beginn der Fastenzeit: vom 26. Februar bis zum 12. April erinnern wir uns 40 Tage an die Leidenszeit Christ und seine Liebe, die er uns am Kreuz erwiesen hat.<\/p>\n<p>4. Eine-Welt-Preis-Fest: am 21. Februar um 19 Uhr in der Christianskirche in Ottensen. Unsere Kirche steuert koreanisches Essen bei.<\/p>\n<p>5. Seniorentreffen: am 22. Februar um 10.30 Uhr. Die Isaak Gruppe hilft.<\/p>\n<p>6. Weltgebetstag am 6. M\u00e4rz um 11 Uhr.<\/p>\n<ul>\n<li>-. Thema: \u201e Steh auf, nimm dein Bett und geh hin!\u201c (Johannes 5, 2-9).<br \/>\nMehr info :<\/p>\n<ul>\n<li>Weltgebetstag der Frauen (DE): <a href=\"https:\/\/weltgebetstag.de\/\">https:\/\/weltgebetstag.de\/<\/a><\/li>\n<li>World day of prayer (EN): <a href=\"https:\/\/worlddayofprayer.net\/zimbabwe-2020.html\">https:\/\/worlddayofprayer.net\/zimbabwe-2020.html<\/a><\/li>\n<li>Koreanische Frauenvereinigung der Kirche (KR): <a href=\"http:\/\/kcwu.org\/main\/sub.html?pageCode=10\">http:\/\/kcwu.org\/main\/sub.html?pageCode=10<\/a><\/li>\n<\/ul>\n<\/li>\n<\/ul>\n<p>7. Die Jugendlichen treffen sich am 22. Februar von 15 \u2013 18 Uhr<\/p>\n<p>8. Vorhaben im M\u00e4rz:<\/p>\n<ul>\n<li>01.03. erster Sonntag der Fastenzeit, Abendmahl, Hauskreisfortbildung.<\/li>\n<li>06.03. Weltgebetstag.<\/li>\n<li>08.03. zweiter Sonntag der Fastenzeit.<\/li>\n<li>15.03. dritter Fastensonntag.<\/li>\n<li>21.03. Seniorentreffen &amp; Sonntagsschullehrer Fortbildung.<\/li>\n<li>22.03. Lobpreisgottesdienst.<\/li>\n<li>28.03. Lobpreis Treffen der Jugendlichen in Norddeutschland.<\/li>\n<\/ul>\n<h4>&#x25aa; Termine f\u00fcr Veranstaltungen und Treffen<\/h4>\n<ul>\n<li>20.02. (Donnerstag) : Pfingstfest Vorbereitungskreis um 18.30 Uhr im afrikanischen Zentrum Borgfelde<\/li>\n<li>23.02. (Sonntag) : J\u00fcngerschaftskurs um 13.30 Uhr<\/li>\n<\/ul>\n","protected":false},"excerpt":{"rendered":"<p>Abk\u00fcndigung 16.02.2020 1. Familiengottesdienst Bewegung: Gott lobende Familien, la\u00dft uns aufrichten am Wort Gottes. 2. Bitte bis zum 23. Februar melden f\u00fcr Tauf- und Konfirmationsanmeldung. Kinder von 0-3 Jahren (Taufe). Konfirmation ab 14 Jahre (Konfirmation am 11. Oktober). Taufgespr\u00e4ch am 1. Und 29. M\u00e4rz um 10.30 Uhr. Pr\u00fcfung am 5. April um 10 Uhr. 3. [&hellip;]<\/p>\n","protected":false},"author":26,"featured_media":3313478,"comment_status":"closed","ping_status":"closed","sticky":false,"template":"","format":"standard","meta":{"footnotes":""},"categories":[184],"tags":[],"class_list":["post-3314109","post","type-post","status-publish","format-standard","has-post-thumbnail","hentry","category-news_de"],"yoast_head":"<!-- This site is optimized with the Yoast SEO plugin v26.9 - https:\/\/yoast.com\/product\/yoast-seo-wordpress\/ -->\n<title>Abk\u00fcndigung 16.02.2020 - \ud568\ubd80\ub974\ud06c \ud55c\uc778\uad50\ud68c<\/title>\n<meta name=\"robots\" content=\"index, follow, max-snippet:-1, max-image-preview:large, max-video-preview:-1\" \/>\n<link rel=\"canonical\" href=\"https:\/\/hamburghanin.de\/?p=3314109&lang=de\" \/>\n<meta property=\"og:locale\" content=\"de_DE\" \/>\n<meta property=\"og:type\" content=\"article\" \/>\n<meta property=\"og:title\" content=\"Abk\u00fcndigung 16.02.2020 - \ud568\ubd80\ub974\ud06c \ud55c\uc778\uad50\ud68c\" \/>\n<meta property=\"og:description\" content=\"Abk\u00fcndigung 16.02.2020 1. Familiengottesdienst Bewegung: Gott lobende Familien, la\u00dft uns aufrichten am Wort Gottes. 2. Bitte bis zum 23. Februar melden f\u00fcr Tauf- und Konfirmationsanmeldung. Kinder von 0-3 Jahren (Taufe). Konfirmation ab 14 Jahre (Konfirmation am 11. Oktober). Taufgespr\u00e4ch am 1. Und 29. M\u00e4rz um 10.30 Uhr. Pr\u00fcfung am 5. April um 10 Uhr. 3. [&hellip;]\" \/>\n<meta property=\"og:url\" content=\"https:\/\/hamburghanin.de\/?p=3314109&amp;lang=de\" \/>\n<meta property=\"og:site_name\" content=\"\ud568\ubd80\ub974\ud06c \ud55c\uc778\uad50\ud68c\" \/>\n<meta property=\"article:published_time\" content=\"2020-02-16T17:17:29+00:00\" \/>\n<meta property=\"article:modified_time\" content=\"2021-05-03T09:46:46+00:00\" \/>\n<meta property=\"og:image\" content=\"https:\/\/hamburghanin.de\/wordpress\/wp-content\/uploads\/2021\/03\/News_3_100x100.png\" \/>\n\t<meta property=\"og:image:width\" content=\"100\" \/>\n\t<meta property=\"og:image:height\" content=\"100\" \/>\n\t<meta property=\"og:image:type\" content=\"image\/png\" \/>\n<meta name=\"author\" content=\"\ubbf8\ub514\uc5b4\uc120\uad50\ubd80\" \/>\n<meta name=\"twitter:card\" content=\"summary_large_image\" \/>\n<meta name=\"twitter:label1\" content=\"Verfasst von\" \/>\n\t<meta name=\"twitter:data1\" content=\"\ubbf8\ub514\uc5b4\uc120\uad50\ubd80\" \/>\n\t<meta name=\"twitter:label2\" content=\"Gesch\u00e4tzte Lesezeit\" \/>\n\t<meta name=\"twitter:data2\" content=\"1\u00a0Minute\" \/>\n<script type=\"application\/ld+json\" class=\"yoast-schema-graph\">{\"@context\":\"https:\/\/schema.org\",\"@graph\":[{\"@type\":\"Article\",\"@id\":\"https:\/\/hamburghanin.de\/?p=3314109&lang=de#article\",\"isPartOf\":{\"@id\":\"https:\/\/hamburghanin.de\/?p=3314109&lang=de\"},\"author\":{\"name\":\"\ubbf8\ub514\uc5b4\uc120\uad50\ubd80\",\"@id\":\"https:\/\/hamburghanin.de\/#\/schema\/person\/da3abd901b82ba20b5b5c77f26cb54f7\"},\"headline\":\"Abk\u00fcndigung 16.02.2020\",\"datePublished\":\"2020-02-16T17:17:29+00:00\",\"dateModified\":\"2021-05-03T09:46:46+00:00\",\"mainEntityOfPage\":{\"@id\":\"https:\/\/hamburghanin.de\/?p=3314109&lang=de\"},\"wordCount\":209,\"image\":{\"@id\":\"https:\/\/hamburghanin.de\/?p=3314109&lang=de#primaryimage\"},\"thumbnailUrl\":\"https:\/\/hamburghanin.de\/wp-content\/uploads\/2021\/03\/News_3_100x100.png\",\"articleSection\":[\"News_DE\"],\"inLanguage\":\"de\"},{\"@type\":\"WebPage\",\"@id\":\"https:\/\/hamburghanin.de\/?p=3314109&lang=de\",\"url\":\"https:\/\/hamburghanin.de\/?p=3314109&lang=de\",\"name\":\"Abk\u00fcndigung 16.02.2020 - \ud568\ubd80\ub974\ud06c \ud55c\uc778\uad50\ud68c\",\"isPartOf\":{\"@id\":\"https:\/\/hamburghanin.de\/#website\"},\"primaryImageOfPage\":{\"@id\":\"https:\/\/hamburghanin.de\/?p=3314109&lang=de#primaryimage\"},\"image\":{\"@id\":\"https:\/\/hamburghanin.de\/?p=3314109&lang=de#primaryimage\"},\"thumbnailUrl\":\"https:\/\/hamburghanin.de\/wp-content\/uploads\/2021\/03\/News_3_100x100.png\",\"datePublished\":\"2020-02-16T17:17:29+00:00\",\"dateModified\":\"2021-05-03T09:46:46+00:00\",\"author\":{\"@id\":\"https:\/\/hamburghanin.de\/#\/schema\/person\/da3abd901b82ba20b5b5c77f26cb54f7\"},\"breadcrumb\":{\"@id\":\"https:\/\/hamburghanin.de\/?p=3314109&lang=de#breadcrumb\"},\"inLanguage\":\"de\",\"potentialAction\":[{\"@type\":\"ReadAction\",\"target\":[\"https:\/\/hamburghanin.de\/?p=3314109&lang=de\"]}]},{\"@type\":\"ImageObject\",\"inLanguage\":\"de\",\"@id\":\"https:\/\/hamburghanin.de\/?p=3314109&lang=de#primaryimage\",\"url\":\"https:\/\/hamburghanin.de\/wp-content\/uploads\/2021\/03\/News_3_100x100.png\",\"contentUrl\":\"https:\/\/hamburghanin.de\/wp-content\/uploads\/2021\/03\/News_3_100x100.png\",\"width\":100,\"height\":100},{\"@type\":\"BreadcrumbList\",\"@id\":\"https:\/\/hamburghanin.de\/?p=3314109&lang=de#breadcrumb\",\"itemListElement\":[{\"@type\":\"ListItem\",\"position\":1,\"name\":\"Home\",\"item\":\"https:\/\/hamburghanin.de\/\"},{\"@type\":\"ListItem\",\"position\":2,\"name\":\"Abk\u00fcndigung 16.02.2020\"}]},{\"@type\":\"WebSite\",\"@id\":\"https:\/\/hamburghanin.de\/#website\",\"url\":\"https:\/\/hamburghanin.de\/\",\"name\":\"\ud568\ubd80\ub974\ud06c \ud55c\uc778\uad50\ud68c\",\"description\":\"Koreanische Evangelische Gemeinde e.V.\",\"potentialAction\":[{\"@type\":\"SearchAction\",\"target\":{\"@type\":\"EntryPoint\",\"urlTemplate\":\"https:\/\/hamburghanin.de\/?s={search_term_string}\"},\"query-input\":{\"@type\":\"PropertyValueSpecification\",\"valueRequired\":true,\"valueName\":\"search_term_string\"}}],\"inLanguage\":\"de\"},{\"@type\":\"Person\",\"@id\":\"https:\/\/hamburghanin.de\/#\/schema\/person\/da3abd901b82ba20b5b5c77f26cb54f7\",\"name\":\"\ubbf8\ub514\uc5b4\uc120\uad50\ubd80\",\"image\":{\"@type\":\"ImageObject\",\"inLanguage\":\"de\",\"@id\":\"https:\/\/hamburghanin.de\/#\/schema\/person\/image\/\",\"url\":\"https:\/\/secure.gravatar.com\/avatar\/cbe8fd131921a2bbccf976d2b222e3ef62d35ed87c3bb8d7bd100fb486810bc3?s=96&d=mm&r=g\",\"contentUrl\":\"https:\/\/secure.gravatar.com\/avatar\/cbe8fd131921a2bbccf976d2b222e3ef62d35ed87c3bb8d7bd100fb486810bc3?s=96&d=mm&r=g\",\"caption\":\"\ubbf8\ub514\uc5b4\uc120\uad50\ubd80\"},\"url\":\"https:\/\/hamburghanin.de\/?author=26\"}]}<\/script>\n<!-- \/ Yoast SEO plugin. -->","yoast_head_json":{"title":"Abk\u00fcndigung 16.02.2020 - \ud568\ubd80\ub974\ud06c \ud55c\uc778\uad50\ud68c","robots":{"index":"index","follow":"follow","max-snippet":"max-snippet:-1","max-image-preview":"max-image-preview:large","max-video-preview":"max-video-preview:-1"},"canonical":"https:\/\/hamburghanin.de\/?p=3314109&lang=de","og_locale":"de_DE","og_type":"article","og_title":"Abk\u00fcndigung 16.02.2020 - \ud568\ubd80\ub974\ud06c \ud55c\uc778\uad50\ud68c","og_description":"Abk\u00fcndigung 16.02.2020 1. Familiengottesdienst Bewegung: Gott lobende Familien, la\u00dft uns aufrichten am Wort Gottes. 2. Bitte bis zum 23. Februar melden f\u00fcr Tauf- und Konfirmationsanmeldung. Kinder von 0-3 Jahren (Taufe). Konfirmation ab 14 Jahre (Konfirmation am 11. Oktober). Taufgespr\u00e4ch am 1. Und 29. M\u00e4rz um 10.30 Uhr. Pr\u00fcfung am 5. April um 10 Uhr. 3. [&hellip;]","og_url":"https:\/\/hamburghanin.de\/?p=3314109&lang=de","og_site_name":"\ud568\ubd80\ub974\ud06c \ud55c\uc778\uad50\ud68c","article_published_time":"2020-02-16T17:17:29+00:00","article_modified_time":"2021-05-03T09:46:46+00:00","og_image":[{"width":100,"height":100,"url":"https:\/\/hamburghanin.de\/wordpress\/wp-content\/uploads\/2021\/03\/News_3_100x100.png","type":"image\/png"}],"author":"\ubbf8\ub514\uc5b4\uc120\uad50\ubd80","twitter_card":"summary_large_image","twitter_misc":{"Verfasst von":"\ubbf8\ub514\uc5b4\uc120\uad50\ubd80","Gesch\u00e4tzte Lesezeit":"1\u00a0Minute"},"schema":{"@context":"https:\/\/schema.org","@graph":[{"@type":"Article","@id":"https:\/\/hamburghanin.de\/?p=3314109&lang=de#article","isPartOf":{"@id":"https:\/\/hamburghanin.de\/?p=3314109&lang=de"},"author":{"name":"\ubbf8\ub514\uc5b4\uc120\uad50\ubd80","@id":"https:\/\/hamburghanin.de\/#\/schema\/person\/da3abd901b82ba20b5b5c77f26cb54f7"},"headline":"Abk\u00fcndigung 16.02.2020","datePublished":"2020-02-16T17:17:29+00:00","dateModified":"2021-05-03T09:46:46+00:00","mainEntityOfPage":{"@id":"https:\/\/hamburghanin.de\/?p=3314109&lang=de"},"wordCount":209,"image":{"@id":"https:\/\/hamburghanin.de\/?p=3314109&lang=de#primaryimage"},"thumbnailUrl":"https:\/\/hamburghanin.de\/wp-content\/uploads\/2021\/03\/News_3_100x100.png","articleSection":["News_DE"],"inLanguage":"de"},{"@type":"WebPage","@id":"https:\/\/hamburghanin.de\/?p=3314109&lang=de","url":"https:\/\/hamburghanin.de\/?p=3314109&lang=de","name":"Abk\u00fcndigung 16.02.2020 - \ud568\ubd80\ub974\ud06c \ud55c\uc778\uad50\ud68c","isPartOf":{"@id":"https:\/\/hamburghanin.de\/#website"},"primaryImageOfPage":{"@id":"https:\/\/hamburghanin.de\/?p=3314109&lang=de#primaryimage"},"image":{"@id":"https:\/\/hamburghanin.de\/?p=3314109&lang=de#primaryimage"},"thumbnailUrl":"https:\/\/hamburghanin.de\/wp-content\/uploads\/2021\/03\/News_3_100x100.png","datePublished":"2020-02-16T17:17:29+00:00","dateModified":"2021-05-03T09:46:46+00:00","author":{"@id":"https:\/\/hamburghanin.de\/#\/schema\/person\/da3abd901b82ba20b5b5c77f26cb54f7"},"breadcrumb":{"@id":"https:\/\/hamburghanin.de\/?p=3314109&lang=de#breadcrumb"},"inLanguage":"de","potentialAction":[{"@type":"ReadAction","target":["https:\/\/hamburghanin.de\/?p=3314109&lang=de"]}]},{"@type":"ImageObject","inLanguage":"de","@id":"https:\/\/hamburghanin.de\/?p=3314109&lang=de#primaryimage","url":"https:\/\/hamburghanin.de\/wp-content\/uploads\/2021\/03\/News_3_100x100.png","contentUrl":"https:\/\/hamburghanin.de\/wp-content\/uploads\/2021\/03\/News_3_100x100.png","width":100,"height":100},{"@type":"BreadcrumbList","@id":"https:\/\/hamburghanin.de\/?p=3314109&lang=de#breadcrumb","itemListElement":[{"@type":"ListItem","position":1,"name":"Home","item":"https:\/\/hamburghanin.de\/"},{"@type":"ListItem","position":2,"name":"Abk\u00fcndigung 16.02.2020"}]},{"@type":"WebSite","@id":"https:\/\/hamburghanin.de\/#website","url":"https:\/\/hamburghanin.de\/","name":"\ud568\ubd80\ub974\ud06c \ud55c\uc778\uad50\ud68c","description":"Koreanische Evangelische Gemeinde e.V.","potentialAction":[{"@type":"SearchAction","target":{"@type":"EntryPoint","urlTemplate":"https:\/\/hamburghanin.de\/?s={search_term_string}"},"query-input":{"@type":"PropertyValueSpecification","valueRequired":true,"valueName":"search_term_string"}}],"inLanguage":"de"},{"@type":"Person","@id":"https:\/\/hamburghanin.de\/#\/schema\/person\/da3abd901b82ba20b5b5c77f26cb54f7","name":"\ubbf8\ub514\uc5b4\uc120\uad50\ubd80","image":{"@type":"ImageObject","inLanguage":"de","@id":"https:\/\/hamburghanin.de\/#\/schema\/person\/image\/","url":"https:\/\/secure.gravatar.com\/avatar\/cbe8fd131921a2bbccf976d2b222e3ef62d35ed87c3bb8d7bd100fb486810bc3?s=96&d=mm&r=g","contentUrl":"https:\/\/secure.gravatar.com\/avatar\/cbe8fd131921a2bbccf976d2b222e3ef62d35ed87c3bb8d7bd100fb486810bc3?s=96&d=mm&r=g","caption":"\ubbf8\ub514\uc5b4\uc120\uad50\ubd80"},"url":"https:\/\/hamburghanin.de\/?author=26"}]}},"_links":{"self":[{"href":"https:\/\/hamburghanin.de\/index.php?rest_route=\/wp\/v2\/posts\/3314109","targetHints":{"allow":["GET"]}}],"collection":[{"href":"https:\/\/hamburghanin.de\/index.php?rest_route=\/wp\/v2\/posts"}],"about":[{"href":"https:\/\/hamburghanin.de\/index.php?rest_route=\/wp\/v2\/types\/post"}],"author":[{"embeddable":true,"href":"https:\/\/hamburghanin.de\/index.php?rest_route=\/wp\/v2\/users\/26"}],"replies":[{"embeddable":true,"href":"https:\/\/hamburghanin.de\/index.php?rest_route=%2Fwp%2Fv2%2Fcomments&post=3314109"}],"version-history":[{"count":1,"href":"https:\/\/hamburghanin.de\/index.php?rest_route=\/wp\/v2\/posts\/3314109\/revisions"}],"predecessor-version":[{"id":3314110,"href":"https:\/\/hamburghanin.de\/index.php?rest_route=\/wp\/v2\/posts\/3314109\/revisions\/3314110"}],"wp:featuredmedia":[{"embeddable":true,"href":"https:\/\/hamburghanin.de\/index.php?rest_route=\/wp\/v2\/media\/3313478"}],"wp:attachment":[{"href":"https:\/\/hamburghanin.de\/index.php?rest_route=%2Fwp%2Fv2%2Fmedia&parent=3314109"}],"wp:term":[{"taxonomy":"category","embeddable":true,"href":"https:\/\/hamburghanin.de\/index.php?rest_route=%2Fwp%2Fv2%2Fcategories&post=3314109"},{"taxonomy":"post_tag","embeddable":true,"href":"https:\/\/hamburghanin.de\/index.php?rest_route=%2Fwp%2Fv2%2Ftags&post=3314109"}],"curies":[{"name":"wp","href":"https:\/\/api.w.org\/{rel}","templated":true}]}}